{"id":9233,"date":"2025-01-28T13:23:57","date_gmt":"2025-01-28T12:23:57","guid":{"rendered":"https:\/\/sileo.swiss\/?p=9233"},"modified":"2025-01-28T14:16:10","modified_gmt":"2025-01-28T13:16:10","slug":"feiertage-2025-unsere-oeffnungszeiten","status":"publish","type":"post","link":"https:\/\/sileo.swiss\/it\/2025\/01\/28\/feiertage-2025-unsere-oeffnungszeiten\/","title":{"rendered":"Giorni festivi 2025 - i nostri orari di apertura"},"content":{"rendered":"<div data-elementor-type=\"wp-post\" data-elementor-id=\"9233\" class=\"elementor elementor-9233\" data-elementor-post-type=\"post\">\n\t\t\t\t<div class=\"elementor-element elementor-element-97d3715 e-flex e-con-boxed e-con e-parent\" data-id=\"97d3715\" data-element_type=\"container\" data-e-type=\"container\">\n\t\t\t\t\t<div class=\"e-con-inner\">\n\t\t\t\t<div class=\"elementor-element elementor-element-484fcdc elementor-widget elementor-widget-heading\" data-id=\"484fcdc\" data-element_type=\"widget\" data-e-type=\"widget\" data-widget_type=\"heading.default\">\n\t\t\t\t<div class=\"elementor-widget-container\">\n\t\t\t\t\t<h2 class=\"elementor-heading-title elementor-size-default\">Giorni festivi 2025 - i nostri orari di apertura<\/h2>\t\t\t\t<\/div>\n\t\t\t\t<\/div>\n\t\t\t\t<div class=\"elementor-element elementor-element-2d4bc64 elementor-widget elementor-widget-text-editor\" data-id=\"2d4bc64\" data-element_type=\"widget\" data-e-type=\"widget\" data-widget_type=\"text-editor.default\">\n\t\t\t\t<div class=\"elementor-widget-container\">\n\t\t\t\t\t\t\t\t\tmarted\u00ec, 28. Gennaio, 2025 | 13:23\t\t\t\t\t\t\t\t<\/div>\n\t\t\t\t<\/div>\n\t\t\t\t<div class=\"elementor-element elementor-element-96f59b1 elementor-invisible elementor-widget elementor-widget-text-editor\" data-id=\"96f59b1\" data-element_type=\"widget\" data-e-type=\"widget\" data-settings=\"{&quot;_animation&quot;:&quot;fadeInLeft&quot;}\" data-widget_type=\"text-editor.default\">\n\t\t\t\t<div class=\"elementor-widget-container\">\n\t\t\t\t\t\t\t\t\t<p><span style=\"font-family: PuviRegular, sans-serif; font-size: 17.3165px; font-variant-ligatures: no-contextual; letter-spacing: 0.14675px; white-space-collapse: preserve; background-color: #ffffff;\">Desideriamo informarla che la nostra azienda rimarr\u00e0 chiusa nei seguenti giorni festivi:<\/span><br style=\"font-family: PuviRegular, sans-serif; font-size: 17.3165px; font-variant-ligatures: no-contextual; letter-spacing: 0.14675px; white-space-collapse: preserve; background-color: #ffffff;\"><br style=\"font-family: PuviRegular, sans-serif; font-size: 17.3165px; font-variant-ligatures: no-contextual; letter-spacing: 0.14675px; white-space-collapse: preserve; background-color: #ffffff;\"><span style=\"font-family: PuviRegular, sans-serif; font-size: 17.3165px; font-variant-ligatures: no-contextual; letter-spacing: 0.14675px; white-space-collapse: preserve; background-color: #ffffff;\">\ud83d\udccc Venerd\u00ec Santo - Venerd\u00ec 18 aprile 2025<\/span><br style=\"font-family: PuviRegular, sans-serif; font-size: 17.3165px; font-variant-ligatures: no-contextual; letter-spacing: 0.14675px; white-space-collapse: preserve; background-color: #ffffff;\"><span style=\"font-family: PuviRegular, sans-serif; font-size: 17.3165px; font-variant-ligatures: no-contextual; letter-spacing: 0.14675px; white-space-collapse: preserve; background-color: #ffffff;\">Luned\u00ec di Pasqua - Luned\u00ec, 21 aprile 2025<\/span><br style=\"font-family: PuviRegular, sans-serif; font-size: 17.3165px; font-variant-ligatures: no-contextual; letter-spacing: 0.14675px; white-space-collapse: preserve; background-color: #ffffff;\"><span style=\"font-family: PuviRegular, sans-serif; font-size: 17.3165px; font-variant-ligatures: no-contextual; letter-spacing: 0.14675px; white-space-collapse: preserve; background-color: #ffffff;\">\ud83d\udccc Ascensione - gioved\u00ec e venerd\u00ec, 29 e 30 maggio 2025<\/span><br style=\"font-family: PuviRegular, sans-serif; font-size: 17.3165px; font-variant-ligatures: no-contextual; letter-spacing: 0.14675px; white-space-collapse: preserve; background-color: #ffffff;\"><span style=\"font-family: PuviRegular, sans-serif; font-size: 17.3165px; font-variant-ligatures: no-contextual; letter-spacing: 0.14675px; white-space-collapse: preserve; background-color: #ffffff;\">Luned\u00ec di Pentecoste - Luned\u00ec, 9 giugno 2025<\/span><br style=\"font-family: PuviRegular, sans-serif; font-size: 17.3165px; font-variant-ligatures: no-contextual; letter-spacing: 0.14675px; white-space-collapse: preserve; background-color: #ffffff;\"><span style=\"font-family: PuviRegular, sans-serif; font-size: 17.3165px; font-variant-ligatures: no-contextual; letter-spacing: 0.14675px; white-space-collapse: preserve; background-color: #ffffff;\">\ud83d\udccc Festa federale - Venerd\u00ec 1 agosto 2025<\/span><br style=\"font-family: PuviRegular, sans-serif; font-size: 17.3165px; font-variant-ligatures: no-contextual; letter-spacing: 0.14675px; white-space-collapse: preserve; background-color: #ffffff;\"><span style=\"font-family: PuviRegular, sans-serif; font-size: 17.3165px; font-variant-ligatures: no-contextual; letter-spacing: 0.14675px; white-space-collapse: preserve; background-color: #ffffff;\">\ud83d\udccc Natale - Gioved\u00ec, 25 dicembre 2025<\/span><br style=\"white-space-collapse: preserve; font-family: PuviRegular, sans-serif; font-size: 17.3165px; font-variant-ligatures: no-contextual; letter-spacing: 0.14675px; background-color: rgb(255, 255, 255);\"><span style=\"white-space-collapse: preserve; font-family: PuviRegular, sans-serif; font-size: 17.3165px; font-variant-ligatures: no-contextual; letter-spacing: 0.14675px; background-color: rgb(255, 255, 255);\">\ud83d\udccc Giorno di Santo Stefano - venerd\u00ec 26 dicembre 2025<\/span><br style=\"font-family: PuviRegular, sans-serif; font-size: 17.3165px; font-variant-ligatures: no-contextual; letter-spacing: 0.14675px; white-space-collapse: preserve; background-color: #ffffff;\"><br style=\"font-family: PuviRegular, sans-serif; font-size: 17.3165px; font-variant-ligatures: no-contextual; letter-spacing: 0.14675px; white-space-collapse: preserve; background-color: #ffffff;\"><span style=\"font-family: PuviRegular, sans-serif; font-size: 17.3165px; font-variant-ligatures: no-contextual; letter-spacing: 0.14675px; white-space-collapse: preserve; background-color: #ffffff;\">E se deve lavorare e qualcosa si blocca, nessun problema: il nostro team di reperibilit\u00e0 \u00e8 a sua disposizione! \ud83d\udd27\ud83d\udcde <\/span><br style=\"font-family: PuviRegular, sans-serif; font-size: 17.3165px; font-variant-ligatures: no-contextual; letter-spacing: 0.14675px; white-space-collapse: preserve; background-color: #ffffff;\"><br style=\"font-family: PuviRegular, sans-serif; font-size: 17.3165px; font-variant-ligatures: no-contextual; letter-spacing: 0.14675px; white-space-collapse: preserve; background-color: #ffffff;\"><span style=\"font-family: PuviRegular, sans-serif; font-size: 17.3165px; font-variant-ligatures: no-contextual; letter-spacing: 0.14675px; white-space-collapse: preserve; background-color: #ffffff;\">Il suo team Sileo\ud83d\ude80<\/span><\/p>\t\t\t\t\t\t\t\t<\/div>\n\t\t\t\t<\/div>\n\t\t\t\t<div class=\"elementor-element elementor-element-60d758a elementor-widget elementor-widget-image\" data-id=\"60d758a\" data-element_type=\"widget\" data-e-type=\"widget\" data-widget_type=\"image.default\">\n\t\t\t\t<div class=\"elementor-widget-container\">\n\t\t\t\t\t\t\t\t\t\t\t\t\t\t\t<img fetchpriority=\"high\" decoding=\"async\" width=\"660\" height=\"441\" src=\"https:\/\/sileo.swiss\/wp-content\/uploads\/2025\/01\/Fuesse-hoch-1024x684.jpg\" class=\"attachment-large size-large wp-image-9229\" alt=\"\" srcset=\"https:\/\/sileo.swiss\/wp-content\/uploads\/2025\/01\/Fuesse-hoch-1024x684.jpg 1024w, https:\/\/sileo.swiss\/wp-content\/uploads\/2025\/01\/Fuesse-hoch-300x200.jpg 300w, https:\/\/sileo.swiss\/wp-content\/uploads\/2025\/01\/Fuesse-hoch-768x513.jpg 768w, https:\/\/sileo.swiss\/wp-content\/uploads\/2025\/01\/Fuesse-hoch-1536x1026.jpg 1536w, https:\/\/sileo.swiss\/wp-content\/uploads\/2025\/01\/Fuesse-hoch-2048x1368.jpg 2048w, https:\/\/sileo.swiss\/wp-content\/uploads\/2025\/01\/Fuesse-hoch-18x12.jpg 18w\" sizes=\"(max-width: 660px) 100vw, 660px\" \/>\t\t\t\t\t\t\t\t\t\t\t\t\t\t\t<\/div>\n\t\t\t\t<\/div>\n\t\t\t\t\t<\/div>\n\t\t\t\t<\/div>\n\t\t\t\t<\/div>","protected":false},"excerpt":{"rendered":"<p class=\"excerpt\">In questo articolo, desideriamo informarla sui prossimi giorni festivi in cui la nostra azienda sar\u00e0 chiusa. E se deve lavorare e qualcosa si blocca, nessun problema: il nostro team di reperibilit\u00e0 \u00e8 qui per lei! \ud83d\udd27\ud83d\udcde<\/p>","protected":false},"author":1,"featured_media":9229,"comment_status":"closed","ping_status":"open","sticky":false,"template":"","format":"standard","meta":{"footnotes":""},"categories":[7],"tags":[],"class_list":["post-9233","post","type-post","status-publish","format-standard","has-post-thumbnail","hentry","category-news"],"yoast_head":"<!-- This site is optimized with the Yoast SEO Premium plugin v27.4 (Yoast SEO v27.5) - https:\/\/yoast.com\/product\/yoast-seo-premium-wordpress\/ -->\n<title>Feiertage 2025 - unsere \u00d6ffnungszeiten | Sileo AG<\/title>\n<meta name=\"robots\" content=\"index, follow, max-snippet:-1, max-image-preview:large, max-video-preview:-1\" \/>\n<link rel=\"canonical\" href=\"https:\/\/sileo.swiss\/it\/2025\/01\/28\/feiertage-2025-unsere-oeffnungszeiten\/\" \/>\n<meta property=\"og:locale\" content=\"it_IT\" \/>\n<meta property=\"og:type\" content=\"article\" \/>\n<meta property=\"og:title\" content=\"Feiertage 2025 - unsere \u00d6ffnungszeiten\" \/>\n<meta property=\"og:description\" content=\"In diesem Beitrag m\u00f6chten wir euch \u00fcber die anstehenden Feiertage informieren, an denen unser Unternehmen geschlossen bleibt. Und falls ihr arbeiten m\u00fcsst und etwas klemmt, kein Problem \u2013 unser Pikett-Team ist f\u00fcr euch da! \ud83d\udd27\ud83d\udcde\" \/>\n<meta property=\"og:url\" content=\"https:\/\/sileo.swiss\/it\/2025\/01\/28\/feiertage-2025-unsere-oeffnungszeiten\/\" \/>\n<meta property=\"og:site_name\" content=\"Sileo AG\" \/>\n<meta property=\"article:publisher\" content=\"https:\/\/www.facebook.com\/sileo.swiss\" \/>\n<meta property=\"article:published_time\" content=\"2025-01-28T12:23:57+00:00\" \/>\n<meta property=\"article:modified_time\" content=\"2025-01-28T13:16:10+00:00\" \/>\n<meta property=\"og:image\" content=\"https:\/\/sileo.swiss\/wp-content\/uploads\/2025\/01\/Fuesse-hoch-scaled.jpg\" \/>\n\t<meta property=\"og:image:width\" content=\"2560\" \/>\n\t<meta property=\"og:image:height\" content=\"1710\" \/>\n\t<meta property=\"og:image:type\" content=\"image\/jpeg\" \/>\n<meta name=\"author\" content=\"siladmin\" \/>\n<meta name=\"twitter:card\" content=\"summary_large_image\" \/>\n<meta name=\"twitter:label1\" content=\"Scritto da\" \/>\n\t<meta name=\"twitter:data1\" content=\"siladmin\" \/>\n\t<meta name=\"twitter:label2\" content=\"Tempo di lettura stimato\" \/>\n\t<meta name=\"twitter:data2\" content=\"1 minuto\" \/>\n<script type=\"application\/ld+json\" class=\"yoast-schema-graph\">{\"@context\":\"https:\\\/\\\/schema.org\",\"@graph\":[{\"@type\":\"Article\",\"@id\":\"https:\\\/\\\/sileo.swiss\\\/2025\\\/01\\\/28\\\/feiertage-2025-unsere-oeffnungszeiten\\\/#article\",\"isPartOf\":{\"@id\":\"https:\\\/\\\/sileo.swiss\\\/2025\\\/01\\\/28\\\/feiertage-2025-unsere-oeffnungszeiten\\\/\"},\"author\":{\"name\":\"siladmin\",\"@id\":\"https:\\\/\\\/sileo.swiss\\\/en\\\/#\\\/schema\\\/person\\\/e792a0afb35901b37ecfb3b5f58bf62f\"},\"headline\":\"Feiertage 2025 &#8211; unsere \u00d6ffnungszeiten\",\"datePublished\":\"2025-01-28T12:23:57+00:00\",\"dateModified\":\"2025-01-28T13:16:10+00:00\",\"mainEntityOfPage\":{\"@id\":\"https:\\\/\\\/sileo.swiss\\\/2025\\\/01\\\/28\\\/feiertage-2025-unsere-oeffnungszeiten\\\/\"},\"wordCount\":64,\"publisher\":{\"@id\":\"https:\\\/\\\/sileo.swiss\\\/en\\\/#organization\"},\"image\":{\"@id\":\"https:\\\/\\\/sileo.swiss\\\/2025\\\/01\\\/28\\\/feiertage-2025-unsere-oeffnungszeiten\\\/#primaryimage\"},\"thumbnailUrl\":\"https:\\\/\\\/sileo.swiss\\\/wp-content\\\/uploads\\\/2025\\\/01\\\/Fuesse-hoch-scaled.jpg\",\"articleSection\":[\"News\"],\"inLanguage\":\"it-IT\"},{\"@type\":\"WebPage\",\"@id\":\"https:\\\/\\\/sileo.swiss\\\/2025\\\/01\\\/28\\\/feiertage-2025-unsere-oeffnungszeiten\\\/\",\"url\":\"https:\\\/\\\/sileo.swiss\\\/2025\\\/01\\\/28\\\/feiertage-2025-unsere-oeffnungszeiten\\\/\",\"name\":\"Feiertage 2025 - unsere \u00d6ffnungszeiten | Sileo AG\",\"isPartOf\":{\"@id\":\"https:\\\/\\\/sileo.swiss\\\/en\\\/#website\"},\"primaryImageOfPage\":{\"@id\":\"https:\\\/\\\/sileo.swiss\\\/2025\\\/01\\\/28\\\/feiertage-2025-unsere-oeffnungszeiten\\\/#primaryimage\"},\"image\":{\"@id\":\"https:\\\/\\\/sileo.swiss\\\/2025\\\/01\\\/28\\\/feiertage-2025-unsere-oeffnungszeiten\\\/#primaryimage\"},\"thumbnailUrl\":\"https:\\\/\\\/sileo.swiss\\\/wp-content\\\/uploads\\\/2025\\\/01\\\/Fuesse-hoch-scaled.jpg\",\"datePublished\":\"2025-01-28T12:23:57+00:00\",\"dateModified\":\"2025-01-28T13:16:10+00:00\",\"breadcrumb\":{\"@id\":\"https:\\\/\\\/sileo.swiss\\\/2025\\\/01\\\/28\\\/feiertage-2025-unsere-oeffnungszeiten\\\/#breadcrumb\"},\"inLanguage\":\"it-IT\",\"potentialAction\":[{\"@type\":\"ReadAction\",\"target\":[\"https:\\\/\\\/sileo.swiss\\\/2025\\\/01\\\/28\\\/feiertage-2025-unsere-oeffnungszeiten\\\/\"]}]},{\"@type\":\"ImageObject\",\"inLanguage\":\"it-IT\",\"@id\":\"https:\\\/\\\/sileo.swiss\\\/2025\\\/01\\\/28\\\/feiertage-2025-unsere-oeffnungszeiten\\\/#primaryimage\",\"url\":\"https:\\\/\\\/sileo.swiss\\\/wp-content\\\/uploads\\\/2025\\\/01\\\/Fuesse-hoch-scaled.jpg\",\"contentUrl\":\"https:\\\/\\\/sileo.swiss\\\/wp-content\\\/uploads\\\/2025\\\/01\\\/Fuesse-hoch-scaled.jpg\",\"width\":2560,\"height\":1710},{\"@type\":\"BreadcrumbList\",\"@id\":\"https:\\\/\\\/sileo.swiss\\\/2025\\\/01\\\/28\\\/feiertage-2025-unsere-oeffnungszeiten\\\/#breadcrumb\",\"itemListElement\":[{\"@type\":\"ListItem\",\"position\":1,\"name\":\"Startseite\",\"item\":\"https:\\\/\\\/sileo.swiss\\\/\"},{\"@type\":\"ListItem\",\"position\":2,\"name\":\"Feiertage 2025 &#8211; unsere \u00d6ffnungszeiten\"}]},{\"@type\":\"WebSite\",\"@id\":\"https:\\\/\\\/sileo.swiss\\\/en\\\/#website\",\"url\":\"https:\\\/\\\/sileo.swiss\\\/en\\\/\",\"name\":\"Sileo AG\",\"description\":\"Professionell und pers\u00f6nlich\",\"publisher\":{\"@id\":\"https:\\\/\\\/sileo.swiss\\\/en\\\/#organization\"},\"potentialAction\":[{\"@type\":\"SearchAction\",\"target\":{\"@type\":\"EntryPoint\",\"urlTemplate\":\"https:\\\/\\\/sileo.swiss\\\/en\\\/?s={search_term_string}\"},\"query-input\":{\"@type\":\"PropertyValueSpecification\",\"valueRequired\":true,\"valueName\":\"search_term_string\"}}],\"inLanguage\":\"it-IT\"},{\"@type\":\"Organization\",\"@id\":\"https:\\\/\\\/sileo.swiss\\\/en\\\/#organization\",\"name\":\"Sileo AG\",\"url\":\"https:\\\/\\\/sileo.swiss\\\/en\\\/\",\"logo\":{\"@type\":\"ImageObject\",\"inLanguage\":\"it-IT\",\"@id\":\"https:\\\/\\\/sileo.swiss\\\/en\\\/#\\\/schema\\\/logo\\\/image\\\/\",\"url\":\"https:\\\/\\\/sileo.swiss\\\/wp-content\\\/uploads\\\/2020\\\/09\\\/SileoLogoBase-Weiss-250p-250x141-1.png\",\"contentUrl\":\"https:\\\/\\\/sileo.swiss\\\/wp-content\\\/uploads\\\/2020\\\/09\\\/SileoLogoBase-Weiss-250p-250x141-1.png\",\"width\":250,\"height\":141,\"caption\":\"Sileo AG\"},\"image\":{\"@id\":\"https:\\\/\\\/sileo.swiss\\\/en\\\/#\\\/schema\\\/logo\\\/image\\\/\"},\"sameAs\":[\"https:\\\/\\\/www.facebook.com\\\/sileo.swiss\",\"https:\\\/\\\/www.instagram.com\\\/sileo.swiss\\\/\",\"https:\\\/\\\/www.linkedin.com\\\/company\\\/sileoag\",\"https:\\\/\\\/www.youtube.com\\\/channel\\\/UCtu0C5q06qzjWy_3MDklTfQ\"]},{\"@type\":\"Person\",\"@id\":\"https:\\\/\\\/sileo.swiss\\\/en\\\/#\\\/schema\\\/person\\\/e792a0afb35901b37ecfb3b5f58bf62f\",\"name\":\"siladmin\",\"image\":{\"@type\":\"ImageObject\",\"inLanguage\":\"it-IT\",\"@id\":\"https:\\\/\\\/secure.gravatar.com\\\/avatar\\\/052669fd9f8c7d552765981a0b50a5adeab54bfb8a7aa4fe2f7ebe6b4a98c5fc?s=96&d=mm&r=g\",\"url\":\"https:\\\/\\\/secure.gravatar.com\\\/avatar\\\/052669fd9f8c7d552765981a0b50a5adeab54bfb8a7aa4fe2f7ebe6b4a98c5fc?s=96&d=mm&r=g\",\"contentUrl\":\"https:\\\/\\\/secure.gravatar.com\\\/avatar\\\/052669fd9f8c7d552765981a0b50a5adeab54bfb8a7aa4fe2f7ebe6b4a98c5fc?s=96&d=mm&r=g\",\"caption\":\"siladmin\"},\"sameAs\":[\"https:\\\/\\\/beta.sileo.swiss\"],\"url\":\"https:\\\/\\\/sileo.swiss\\\/it\\\/author\\\/siladmin\\\/\"}]}<\/script>\n<!-- \/ Yoast SEO Premium plugin. -->","yoast_head_json":{"title":"Giorni festivi 2025 - i nostri orari di apertura | Sileo AG","robots":{"index":"index","follow":"follow","max-snippet":"max-snippet:-1","max-image-preview":"max-image-preview:large","max-video-preview":"max-video-preview:-1"},"canonical":"https:\/\/sileo.swiss\/it\/2025\/01\/28\/feiertage-2025-unsere-oeffnungszeiten\/","og_locale":"it_IT","og_type":"article","og_title":"Feiertage 2025 - unsere \u00d6ffnungszeiten","og_description":"In diesem Beitrag m\u00f6chten wir euch \u00fcber die anstehenden Feiertage informieren, an denen unser Unternehmen geschlossen bleibt. Und falls ihr arbeiten m\u00fcsst und etwas klemmt, kein Problem \u2013 unser Pikett-Team ist f\u00fcr euch da! \ud83d\udd27\ud83d\udcde","og_url":"https:\/\/sileo.swiss\/it\/2025\/01\/28\/feiertage-2025-unsere-oeffnungszeiten\/","og_site_name":"Sileo AG","article_publisher":"https:\/\/www.facebook.com\/sileo.swiss","article_published_time":"2025-01-28T12:23:57+00:00","article_modified_time":"2025-01-28T13:16:10+00:00","og_image":[{"width":2560,"height":1710,"url":"https:\/\/sileo.swiss\/wp-content\/uploads\/2025\/01\/Fuesse-hoch-scaled.jpg","type":"image\/jpeg"}],"author":"siladmin","twitter_card":"summary_large_image","twitter_misc":{"Scritto da":"siladmin","Tempo di lettura stimato":"1 minuto"},"schema":{"@context":"https:\/\/schema.org","@graph":[{"@type":"Article","@id":"https:\/\/sileo.swiss\/2025\/01\/28\/feiertage-2025-unsere-oeffnungszeiten\/#article","isPartOf":{"@id":"https:\/\/sileo.swiss\/2025\/01\/28\/feiertage-2025-unsere-oeffnungszeiten\/"},"author":{"name":"siladmin","@id":"https:\/\/sileo.swiss\/en\/#\/schema\/person\/e792a0afb35901b37ecfb3b5f58bf62f"},"headline":"Feiertage 2025 &#8211; unsere \u00d6ffnungszeiten","datePublished":"2025-01-28T12:23:57+00:00","dateModified":"2025-01-28T13:16:10+00:00","mainEntityOfPage":{"@id":"https:\/\/sileo.swiss\/2025\/01\/28\/feiertage-2025-unsere-oeffnungszeiten\/"},"wordCount":64,"publisher":{"@id":"https:\/\/sileo.swiss\/en\/#organization"},"image":{"@id":"https:\/\/sileo.swiss\/2025\/01\/28\/feiertage-2025-unsere-oeffnungszeiten\/#primaryimage"},"thumbnailUrl":"https:\/\/sileo.swiss\/wp-content\/uploads\/2025\/01\/Fuesse-hoch-scaled.jpg","articleSection":["News"],"inLanguage":"it-IT"},{"@type":"WebPage","@id":"https:\/\/sileo.swiss\/2025\/01\/28\/feiertage-2025-unsere-oeffnungszeiten\/","url":"https:\/\/sileo.swiss\/2025\/01\/28\/feiertage-2025-unsere-oeffnungszeiten\/","name":"Giorni festivi 2025 - i nostri orari di apertura | Sileo AG","isPartOf":{"@id":"https:\/\/sileo.swiss\/en\/#website"},"primaryImageOfPage":{"@id":"https:\/\/sileo.swiss\/2025\/01\/28\/feiertage-2025-unsere-oeffnungszeiten\/#primaryimage"},"image":{"@id":"https:\/\/sileo.swiss\/2025\/01\/28\/feiertage-2025-unsere-oeffnungszeiten\/#primaryimage"},"thumbnailUrl":"https:\/\/sileo.swiss\/wp-content\/uploads\/2025\/01\/Fuesse-hoch-scaled.jpg","datePublished":"2025-01-28T12:23:57+00:00","dateModified":"2025-01-28T13:16:10+00:00","breadcrumb":{"@id":"https:\/\/sileo.swiss\/2025\/01\/28\/feiertage-2025-unsere-oeffnungszeiten\/#breadcrumb"},"inLanguage":"it-IT","potentialAction":[{"@type":"ReadAction","target":["https:\/\/sileo.swiss\/2025\/01\/28\/feiertage-2025-unsere-oeffnungszeiten\/"]}]},{"@type":"ImageObject","inLanguage":"it-IT","@id":"https:\/\/sileo.swiss\/2025\/01\/28\/feiertage-2025-unsere-oeffnungszeiten\/#primaryimage","url":"https:\/\/sileo.swiss\/wp-content\/uploads\/2025\/01\/Fuesse-hoch-scaled.jpg","contentUrl":"https:\/\/sileo.swiss\/wp-content\/uploads\/2025\/01\/Fuesse-hoch-scaled.jpg","width":2560,"height":1710},{"@type":"BreadcrumbList","@id":"https:\/\/sileo.swiss\/2025\/01\/28\/feiertage-2025-unsere-oeffnungszeiten\/#breadcrumb","itemListElement":[{"@type":"ListItem","position":1,"name":"Startseite","item":"https:\/\/sileo.swiss\/"},{"@type":"ListItem","position":2,"name":"Feiertage 2025 &#8211; unsere \u00d6ffnungszeiten"}]},{"@type":"WebSite","@id":"https:\/\/sileo.swiss\/en\/#website","url":"https:\/\/sileo.swiss\/en\/","name":"Sileo AG","description":"Professionale e personale","publisher":{"@id":"https:\/\/sileo.swiss\/en\/#organization"},"potentialAction":[{"@type":"SearchAction","target":{"@type":"EntryPoint","urlTemplate":"https:\/\/sileo.swiss\/en\/?s={search_term_string}"},"query-input":{"@type":"PropertyValueSpecification","valueRequired":true,"valueName":"search_term_string"}}],"inLanguage":"it-IT"},{"@type":"Organization","@id":"https:\/\/sileo.swiss\/en\/#organization","name":"Sileo AG","url":"https:\/\/sileo.swiss\/en\/","logo":{"@type":"ImageObject","inLanguage":"it-IT","@id":"https:\/\/sileo.swiss\/en\/#\/schema\/logo\/image\/","url":"https:\/\/sileo.swiss\/wp-content\/uploads\/2020\/09\/SileoLogoBase-Weiss-250p-250x141-1.png","contentUrl":"https:\/\/sileo.swiss\/wp-content\/uploads\/2020\/09\/SileoLogoBase-Weiss-250p-250x141-1.png","width":250,"height":141,"caption":"Sileo AG"},"image":{"@id":"https:\/\/sileo.swiss\/en\/#\/schema\/logo\/image\/"},"sameAs":["https:\/\/www.facebook.com\/sileo.swiss","https:\/\/www.instagram.com\/sileo.swiss\/","https:\/\/www.linkedin.com\/company\/sileoag","https:\/\/www.youtube.com\/channel\/UCtu0C5q06qzjWy_3MDklTfQ"]},{"@type":"Person","@id":"https:\/\/sileo.swiss\/en\/#\/schema\/person\/e792a0afb35901b37ecfb3b5f58bf62f","name":"siladmin","image":{"@type":"ImageObject","inLanguage":"it-IT","@id":"https:\/\/secure.gravatar.com\/avatar\/052669fd9f8c7d552765981a0b50a5adeab54bfb8a7aa4fe2f7ebe6b4a98c5fc?s=96&d=mm&r=g","url":"https:\/\/secure.gravatar.com\/avatar\/052669fd9f8c7d552765981a0b50a5adeab54bfb8a7aa4fe2f7ebe6b4a98c5fc?s=96&d=mm&r=g","contentUrl":"https:\/\/secure.gravatar.com\/avatar\/052669fd9f8c7d552765981a0b50a5adeab54bfb8a7aa4fe2f7ebe6b4a98c5fc?s=96&d=mm&r=g","caption":"siladmin"},"sameAs":["https:\/\/beta.sileo.swiss"],"url":"https:\/\/sileo.swiss\/it\/author\/siladmin\/"}]}},"_links":{"self":[{"href":"https:\/\/sileo.swiss\/it\/wp-json\/wp\/v2\/posts\/9233","targetHints":{"allow":["GET"]}}],"collection":[{"href":"https:\/\/sileo.swiss\/it\/wp-json\/wp\/v2\/posts"}],"about":[{"href":"https:\/\/sileo.swiss\/it\/wp-json\/wp\/v2\/types\/post"}],"author":[{"embeddable":true,"href":"https:\/\/sileo.swiss\/it\/wp-json\/wp\/v2\/users\/1"}],"replies":[{"embeddable":true,"href":"https:\/\/sileo.swiss\/it\/wp-json\/wp\/v2\/comments?post=9233"}],"version-history":[{"count":10,"href":"https:\/\/sileo.swiss\/it\/wp-json\/wp\/v2\/posts\/9233\/revisions"}],"predecessor-version":[{"id":9253,"href":"https:\/\/sileo.swiss\/it\/wp-json\/wp\/v2\/posts\/9233\/revisions\/9253"}],"wp:featuredmedia":[{"embeddable":true,"href":"https:\/\/sileo.swiss\/it\/wp-json\/wp\/v2\/media\/9229"}],"wp:attachment":[{"href":"https:\/\/sileo.swiss\/it\/wp-json\/wp\/v2\/media?parent=9233"}],"wp:term":[{"taxonomy":"category","embeddable":true,"href":"https:\/\/sileo.swiss\/it\/wp-json\/wp\/v2\/categories?post=9233"},{"taxonomy":"post_tag","embeddable":true,"href":"https:\/\/sileo.swiss\/it\/wp-json\/wp\/v2\/tags?post=9233"}],"curies":[{"name":"wp","href":"https:\/\/api.w.org\/{rel}","templated":true}]}}